{"id":3138,"date":"2024-11-04T16:00:00","date_gmt":"2024-11-04T21:00:00","guid":{"rendered":"https:\/\/gymnasticscan.wpenginepowered.com\/?p=3138"},"modified":"2025-08-20T14:42:07","modified_gmt":"2025-08-20T18:42:07","slug":"des-equipes-canadiennes-participeront-a-la-gymnaestrada-connection-de-gymcan-et-a-la-gymnaestrada-de-lupag","status":"publish","type":"post","link":"https:\/\/gymcan.org\/fr\/des-equipes-canadiennes-participeront-a-la-gymnaestrada-connection-de-gymcan-et-a-la-gymnaestrada-de-lupag\/","title":{"rendered":"Des \u00e9quipes canadiennes participeront \u00e0 la Gymnaestrada Connection de GymCan et \u00e0 la Gymnaestrada de l\u2019UPAG."},"content":{"rendered":"\n<p><\/p>\n\n<p><strong>OTTAWA, ON (4 novembre 2024)<\/strong>\u00a0&#8211; Gymnastique Canada (GymCan) est ravie d&#8217;annoncer que trois \u00e9quipes canadiennes exceptionnelles participeront \u00e0 la Gymnaestrada Connection inaugurale de GymCan, et que deux de ces \u00e9quipes seront s\u00e9lectionn\u00e9es pour repr\u00e9senter le Canada \u00e0 la Gymnaestrada de l&#8217;Union panam\u00e9ricaine de gymnastique (UPAG). Les deux \u00e9v\u00e9nements c\u00e9l\u00e8brent la Gymnastique pour tous (GpT), mettant en valeur l&#8217;inclusivit\u00e9, la cr\u00e9ativit\u00e9 et l&#8217;esprit communautaire qui sont au c\u0153ur de la gymnastique.<\/p>\n\n<p><\/p>\n\n<h2 class=\"wp-block-heading\">Pr\u00e9sentation de Gymnaestrada Connection<\/h2>\n\n<p>En tant que s\u00e9rie d&#8217;\u00e9v\u00e9nements virtuels d\u00e9di\u00e9s \u00e0 la diversit\u00e9 et \u00e0 l&#8217;unit\u00e9 de la GpT, Gymnaestrada Connection offre aux clubs de partout au Canada la chance de pr\u00e9senter leurs performances de groupe cr\u00e9atives sur une sc\u00e8ne nationale. Ouvert \u00e0 tous les genres, \u00e2ges et capacit\u00e9s, cet \u00e9v\u00e9nement met en lumi\u00e8re l&#8217;expression artistique et l&#8217;unit\u00e9 qui d\u00e9finissent la gymnastique. Nous sommes ravis de pr\u00e9senter les trois groupes qui seront mis en vedette dans le cadre de la Gymnaestrada Connection de GymCan:<\/p>\n\n<p><\/p>\n\n<ul class=\"wp-block-list\">\n<li><strong>Ad Astra Stars<\/strong><br\/>Originaire d&#8217;Edmonton, en Alberta, l&#8217;\u00e9quipe Ad Astra Stars, compos\u00e9e de 20 membres, pr\u00e9sentera \u00ab Movement of Colours \u00bb, une d\u00e9monstration vibrante de gymnastique rythmique qui capture l&#8217;\u00e9nergie et la beaut\u00e9 de divers mouvements.\u00a0L&#8217;\u00e9quipe Ad Astra adopte une approche unique en incluant des gymnastes de tous \u00e2ges, de tous niveaux et de toutes origines dans ses performances \u00bb, expliquent les entra\u00eeneurs Connie Bramer et Kelly Mills de Ad Astra Athletic Academy. Notre routine \u00ab Movement of Colours \u00bb met en vedette des athl\u00e8tes de 1 \u00e0 58 ans, des d\u00e9butants r\u00e9cr\u00e9atifs aux gymnastes de niveau provincial et national, ainsi que des comp\u00e9titeurs \u00e0 la retraite, des artistes adultes et des entra\u00eeneurs. Nous sommes fiers de cr\u00e9er des chor\u00e9graphies novatrices qui c\u00e9l\u00e8brent la joie du mouvement et de la gymnastique. Ad Astra Athletic Academy a \u00e9t\u00e9 un pilier de Gymnaestrada, de la sc\u00e8ne locale \u00e0 la sc\u00e8ne internationale, et nous avons h\u00e2te de voir leur chor\u00e9graphie en action!<\/li>\n<\/ul>\n\n<figure class=\"wp-block-image size-full\"><img loading=\"lazy\" decoding=\"async\" width=\"1000\" height=\"667\" src=\"https:\/\/gymcan.org\/wp-content\/uploads\/2024\/11\/AdAstra-1.jpg\" alt=\"Ad Astra Stars interpr&#xE8;te &#xAB; Movement of Colours &#xBB; (Mouvement des couleurs)\" class=\"wp-image-3127\" srcset=\"https:\/\/gymcan.org\/wp-content\/uploads\/2024\/11\/AdAstra-1.jpg 1000w, https:\/\/gymcan.org\/wp-content\/uploads\/2024\/11\/AdAstra-1-300x200.jpg 300w, https:\/\/gymcan.org\/wp-content\/uploads\/2024\/11\/AdAstra-1-768x512.jpg 768w\" sizes=\"auto, (max-width: 1000px) 100vw, 1000px\" \/><\/figure>\n\n<p><\/p>\n\n<ul class=\"wp-block-list\">\n<li><strong>Legends &amp; Sr Gymnaestrada<\/strong>&#13;\nLes 23 membres de Delta Gymnastics Club, en Colombie-Britannique, pr\u00e9senteront \u00ab Time of Your Life \u00bb, une c\u00e9l\u00e9bration de l&#8217;amiti\u00e9, du plaisir et des souvenirs. Avec plus de cinq participations \u00e0 la World Gymnaestrada, cette \u00e9quipe apporte une riche exp\u00e9rience et de la joie \u00e0 l&#8217;\u00e9v\u00e9nement. \u00ab Faire partie&#13;\nde la communaut\u00e9 Gymnaestrada est une exp\u00e9rience incroyablement enrichissante, car nous travaillons avec des personnes de tous \u00e2ges et de toutes capacit\u00e9s, \u00bb a d\u00e9clar\u00e9 Jenn Watts, gestionnaire de programme \u00e0 Delta Gymnastics. \u00ab Notre \u00e9quipe inclut des familles\u2014des parents et des enfants qui participent ensemble\u2014des grands-parents, des conjoints, des athl\u00e8tes de haut niveau, et m\u00eame des personnes avec peu ou aucune exp\u00e9rience en gymnastique. C&#8217;est incroyable de voir tout le monde se rassembler et se soutenir. Pour nous, il ne s&#8217;agit pas de gagner ou de perfectionner une routine, mais de s\u2019amuser et de faire partie d&#8217;une communaut\u00e9 solidaire et inclusive. \u00bb<\/li>\n<\/ul>\n\n<figure class=\"wp-block-image size-full\"><img loading=\"lazy\" decoding=\"async\" width=\"1000\" height=\"666\" src=\"https:\/\/gymcan.org\/wp-content\/uploads\/2024\/11\/Delta_Group.jpg\" alt=\"L'&#xE9;quipe Delta Gymnaestrada\" class=\"wp-image-3129\" srcset=\"https:\/\/gymcan.org\/wp-content\/uploads\/2024\/11\/Delta_Group.jpg 1000w, https:\/\/gymcan.org\/wp-content\/uploads\/2024\/11\/Delta_Group-300x200.jpg 300w, https:\/\/gymcan.org\/wp-content\/uploads\/2024\/11\/Delta_Group-768x511.jpg 768w\" sizes=\"auto, (max-width: 1000px) 100vw, 1000px\" \/><\/figure>\n\n<p><\/p>\n\n<ul class=\"wp-block-list\">\n<li><strong>S<\/strong><strong>\u0113<\/strong><strong>saw<\/strong><strong>\u0113<\/strong><strong>win <\/strong><strong>\u14ed\u14f4\u1401\u1427\u1403\u1427\u1423<\/strong><strong> Gymnastics Collective<\/strong><br\/>Repr\u00e9sentant la Saskatchewan, l&#8217;\u00e9quipe S\u0113saw\u0113win, compos\u00e9e de 21 membres, pr\u00e9sentera &#8221; Two Worlds, One Home &#8220;, une routine puissante n\u00e9e d&#8217;une collaboration entre Saskatchewan Gymnaestrada et la Nation Cree Peepeekisis. Apr\u00e8s des d\u00e9buts fructueux lors de la World Gymnaestrada, cette performance unique est de retour pour inspirer le public une fois de plus.<\/li>\n<\/ul>\n\n<figure class=\"wp-block-image size-full\"><img loading=\"lazy\" decoding=\"async\" width=\"1000\" height=\"667\" src=\"https:\/\/gymcan.org\/wp-content\/uploads\/2024\/11\/Sesawewin_Gymnastics_Collective_Team.jpg\" alt=\"S&#x113;saw&#x113;win &#x14ED;&#x14F4;&#x1401;&#x1427;&#x1403;&#x1427;&#x1423; Gymnastics Collective\" class=\"wp-image-3131\" srcset=\"https:\/\/gymcan.org\/wp-content\/uploads\/2024\/11\/Sesawewin_Gymnastics_Collective_Team.jpg 1000w, https:\/\/gymcan.org\/wp-content\/uploads\/2024\/11\/Sesawewin_Gymnastics_Collective_Team-300x200.jpg 300w, https:\/\/gymcan.org\/wp-content\/uploads\/2024\/11\/Sesawewin_Gymnastics_Collective_Team-768x512.jpg 768w\" sizes=\"auto, (max-width: 1000px) 100vw, 1000px\" \/><\/figure>\n\n<h2 class=\"wp-block-heading\">Repr\u00e9sentants du Canada \u00e0 la Gymnaestrada PAGU<\/h2>\n\n<p><\/p>\n\n<p>Suite \u00e0 la Gymnaestrada Connection, deux des \u00e9quipes &#8211; Ad Astra Stars et Legends &amp; Sr Gymnaestrada &#8211; ont \u00e9t\u00e9 s\u00e9lectionn\u00e9es pour repr\u00e9senter le Canada \u00e0 la Gymnaestrada de l&#8217;UPAG, un \u00e9v\u00e9nement virtuel organis\u00e9 par l&#8217;Union panam\u00e9ricaine de gymnastique. Cette c\u00e9l\u00e9bration de la gymnastique pour tous invite les pays des Am\u00e9riques \u00e0 soumettre des performances chor\u00e9graphi\u00e9es, mettant en valeur les talents et l&#8217;inclusivit\u00e9 de ce sport. Ces performances seront diffus\u00e9es en direct sur la cha\u00eene Youtube de l&#8217;UPAG.<\/p>\n\n<p><\/p>\n\n<p><strong>Assistez \u00e0 la diffusion en direct des repr\u00e9sentants canadiens de la Gymnaestrada de l&#8217;UPAG le 7 d\u00e9cembre 2024, \u00e0 17 h HNC<\/strong>, et c\u00e9l\u00e9brez l&#8217;esprit de la gymnastique aux c\u00f4t\u00e9s de participants des Am\u00e9riques!<\/p>\n\n<p><\/p>\n\n<p>\u00ab F\u00e9licitations \u00e0 tous les groupes talentueux qui seront pr\u00e9sent\u00e9s dans le cadre de la Gymnaestrada Connection inaugurale de GymCan et \u00e0 ceux qui ont \u00e9t\u00e9 s\u00e9lectionn\u00e9s pour la Gymnaestrada de l&#8217;UPAG \u00bb, a d\u00e9clar\u00e9 Denise Alivantov, gestionnaire du d\u00e9veloppement des entra\u00eeneurs et du sport de GymCan. &#8221; Ces \u00e9v\u00e9nements virtuels offrent une occasion incroyable aux gymnastes de tout le Canada de d\u00e9montrer leur cr\u00e9ativit\u00e9 et leur d\u00e9vouement sur les sc\u00e8nes nationale et internationale, \u00e9liminant ainsi les barri\u00e8res g\u00e9ographiques pour rendre la gymnastique accessible \u00e0 un plus grand nombre. Nous sommes ravis de promouvoir la gymnastique pour tous, d&#8217;illustrer nos valeurs et de c\u00e9l\u00e9brer la joie et l&#8217;unit\u00e9 de notre sport. \u00bb<\/p>\n\n<p><\/p>\n\n<p>Gymnastique Canada est immens\u00e9ment fi\u00e8re des trois \u00e9quipes pour leur travail acharn\u00e9, leur d\u00e9vouement et leur cr\u00e9ativit\u00e9. Joignez-vous \u00e0 nous pour soutenir ces athl\u00e8tes talentueux qui transmettent la joie du mouvement et l&#8217;esprit de la communaut\u00e9 aux spectateurs du Canada et au-del\u00e0.<\/p>\n\n<p><\/p>\n\n<p><strong>Pour de plus amples renseignements, veuillez contacter:\u2028<\/strong><br\/>Katia Perin<br\/>Gestionnaire, Communications et marketing \u2028\u202f <br\/>Gymnastique Canada<br\/><a href=\"mailto:comms@gymcan.org\">comms@gymcan.org<\/a><\/p>\n\n<p><strong>Pour de plus amples renseignements, veuillez contacter:\u2028\u202f<\/strong><br\/>&#13;\nEmma Stanley<br\/>Coordinatrice, d\u00e9veloppement du sport et communications<br\/>Gymnastique Canada<br\/><a href=\"mailto:estanley@gymcan.org\">estanley@gymcan.org<\/a><\/p>\n","protected":false},"excerpt":{"rendered":"<p>Gymnastique Canada (GymCan) est ravie d&#8217;annoncer que trois \u00e9quipes canadiennes exceptionnelles participeront \u00e0 la Gymnaestrada Connection inaugurale de GymCan, et que deux de ces \u00e9quipes seront s\u00e9lectionn\u00e9es pour repr\u00e9senter le Canada \u00e0 la Gymnaestrada de l&#8217;Union panam\u00e9ricaine de gymnastique (UPAG). <\/p>\n","protected":false},"author":1,"featured_media":3125,"comment_status":"closed","ping_status":"open","sticky":false,"template":"","format":"standard","meta":{"_monsterinsights_skip_tracking":false,"_monsterinsights_sitenote_active":false,"_monsterinsights_sitenote_note":"","_monsterinsights_sitenote_category":0,"footnotes":""},"categories":[67],"tags":[],"class_list":["post-3138","post","type-post","status-publish","format-standard","has-post-thumbnail","hentry","category-evenements"],"aioseo_notices":[],"meta_box":[],"_links":{"self":[{"href":"https:\/\/gymcan.org\/fr\/wp-json\/wp\/v2\/posts\/3138","targetHints":{"allow":["GET"]}}],"collection":[{"href":"https:\/\/gymcan.org\/fr\/wp-json\/wp\/v2\/posts"}],"about":[{"href":"https:\/\/gymcan.org\/fr\/wp-json\/wp\/v2\/types\/post"}],"author":[{"embeddable":true,"href":"https:\/\/gymcan.org\/fr\/wp-json\/wp\/v2\/users\/1"}],"replies":[{"embeddable":true,"href":"https:\/\/gymcan.org\/fr\/wp-json\/wp\/v2\/comments?post=3138"}],"version-history":[{"count":0,"href":"https:\/\/gymcan.org\/fr\/wp-json\/wp\/v2\/posts\/3138\/revisions"}],"wp:featuredmedia":[{"embeddable":true,"href":"https:\/\/gymcan.org\/fr\/wp-json\/wp\/v2\/media\/3125"}],"wp:attachment":[{"href":"https:\/\/gymcan.org\/fr\/wp-json\/wp\/v2\/media?parent=3138"}],"wp:term":[{"taxonomy":"category","embeddable":true,"href":"https:\/\/gymcan.org\/fr\/wp-json\/wp\/v2\/categories?post=3138"},{"taxonomy":"post_tag","embeddable":true,"href":"https:\/\/gymcan.org\/fr\/wp-json\/wp\/v2\/tags?post=3138"}],"curies":[{"name":"wp","href":"https:\/\/api.w.org\/{rel}","templated":true}]}}