{"id":4859,"date":"2025-01-27T15:00:00","date_gmt":"2025-01-27T20:00:00","guid":{"rendered":"https:\/\/gymnasticscan.wpenginepowered.com\/?p=4859"},"modified":"2025-08-20T14:42:05","modified_gmt":"2025-08-20T18:42:05","slug":"mises-a-jour-sur-les-evenements-nationaux-2025-de-gymcan","status":"publish","type":"post","link":"https:\/\/gymcan.org\/fr\/mises-a-jour-sur-les-evenements-nationaux-2025-de-gymcan\/","title":{"rendered":"Mises \u00e0 jour sur les \u00e9v\u00e9nements nationaux 2025 de GymCan"},"content":{"rendered":"\n<p>Gymnastique Canada est ravi d&#8217;annoncer que la gymnastique rythmique fera officiellement partie des Championnats canadiens 2025!<\/p>\n\n<p>Pour la premi\u00e8re fois, toutes les disciplines \u2014 gymnastique artistique, gymnastique rythmique, gymnastique trampoline et gymnastique acrobatique \u2014 se r\u00e9uniront sous un m\u00eame toit \u00e0 Calgary, du 26 au 30 mai 2025. Cet \u00e9v\u00e9nement historique promet d\u2019offrir une c\u00e9l\u00e9bration inoubliable de l\u2019excellence en gymnastique, rassemblant des athl\u00e8tes, des entra\u00eeneurs et des fans de tout le pays pour partager.<\/p>\n\n<p>Pour plus d&#8217;informations sur nos \u00e9v\u00e9nements nationaux, veuillez visiter <a href=\"http:\/\/www.gymcan.org\/events\" rel=\"noreferrer noopener\" target=\"_blank\"><strong>www.gymcan.org\/fr\/evenements\/<\/strong><\/a>.<\/p>\n\n<p>Nous avons h\u00e2te de vous accueillir \u00e0 ces \u00e9v\u00e9nements incroyables et de c\u00e9l\u00e9brer la gymnastique!<\/p>\n\n<p><strong>Pour de plus amples renseignements, veuillez contacter:<\/strong><br\/>Katia Perin <br\/>Gestionnaire, Communications et marketing <br\/>Gymnastique Canada <br\/><a href=\"mailto:comms@gymcan.org\" rel=\"noreferrer noopener\" target=\"_blank\">comms@gymcan.org<\/a><\/p>\n\n<p><strong>Pour plus d&#8217;information, veuillez contacter:<\/strong><br\/><strong>Emma Stanley<\/strong> <br\/>Coordinatrice, d\u00e9veloppement du sport et communications <br\/>Gymnastique Canada <br\/><a href=\"mailto:estanley@gymcan.org\" target=\"_blank\" rel=\"noreferrer noopener\">estanley@gymcan.org<\/a>  <\/p>\n","protected":false},"excerpt":{"rendered":"<p>Gymnastique Canada est ravi d&#8217;annoncer que la gymnastique rythmique fera officiellement partie des Championnats canadiens 2025! Pour la premi\u00e8re fois, toutes les disciplines \u2014 gymnastique artistique, gymnastique rythmique, gymnastique trampoline et gymnastique acrobatique \u2014 se r\u00e9uniront sous un m\u00eame toit \u00e0 Calgary, du 26 au 30 mai 2025. Cet \u00e9v\u00e9nement historique promet d\u2019offrir une c\u00e9l\u00e9bration [&hellip;]<\/p>\n","protected":false},"author":6,"featured_media":2018,"comment_status":"closed","ping_status":"open","sticky":false,"template":"","format":"standard","meta":{"_monsterinsights_skip_tracking":false,"_monsterinsights_sitenote_active":false,"_monsterinsights_sitenote_note":"","_monsterinsights_sitenote_category":0,"footnotes":""},"categories":[67],"tags":[],"class_list":["post-4859","post","type-post","status-publish","format-standard","has-post-thumbnail","hentry","category-evenements"],"aioseo_notices":[],"meta_box":[],"_links":{"self":[{"href":"https:\/\/gymcan.org\/fr\/wp-json\/wp\/v2\/posts\/4859","targetHints":{"allow":["GET"]}}],"collection":[{"href":"https:\/\/gymcan.org\/fr\/wp-json\/wp\/v2\/posts"}],"about":[{"href":"https:\/\/gymcan.org\/fr\/wp-json\/wp\/v2\/types\/post"}],"author":[{"embeddable":true,"href":"https:\/\/gymcan.org\/fr\/wp-json\/wp\/v2\/users\/6"}],"replies":[{"embeddable":true,"href":"https:\/\/gymcan.org\/fr\/wp-json\/wp\/v2\/comments?post=4859"}],"version-history":[{"count":0,"href":"https:\/\/gymcan.org\/fr\/wp-json\/wp\/v2\/posts\/4859\/revisions"}],"wp:featuredmedia":[{"embeddable":true,"href":"https:\/\/gymcan.org\/fr\/wp-json\/wp\/v2\/media\/2018"}],"wp:attachment":[{"href":"https:\/\/gymcan.org\/fr\/wp-json\/wp\/v2\/media?parent=4859"}],"wp:term":[{"taxonomy":"category","embeddable":true,"href":"https:\/\/gymcan.org\/fr\/wp-json\/wp\/v2\/categories?post=4859"},{"taxonomy":"post_tag","embeddable":true,"href":"https:\/\/gymcan.org\/fr\/wp-json\/wp\/v2\/tags?post=4859"}],"curies":[{"name":"wp","href":"https:\/\/api.w.org\/{rel}","templated":true}]}}