{"id":5497,"date":"2025-05-12T15:49:19","date_gmt":"2025-05-12T19:49:19","guid":{"rendered":"https:\/\/gymnasticscan.wpenginepowered.com\/?p=5497"},"modified":"2025-08-20T14:41:59","modified_gmt":"2025-08-20T18:41:59","slug":"en-memoire-dandre-simard","status":"publish","type":"post","link":"https:\/\/gymcan.org\/fr\/en-memoire-dandre-simard\/","title":{"rendered":"En m\u00e9moire d&#8217;Andr\u00e9 Simard"},"content":{"rendered":"\n<p>C&#8217;est avec une profonde tristesse que Gymnastique Canada se joint \u00e0 Gymnastique Qu\u00e9bec pour rendre hommage \u00e0 Andr\u00e9 Simard. <\/p>\n\n<p>Athl\u00e8te passionn\u00e9 et accompli, Simard a \u00e9t\u00e9 trois fois champion canadien et a fi\u00e8rement repr\u00e9sent\u00e9 le Canada aux Jeux olympiques de Munich en 1972. Son amour pour la gymnastique et sa cr\u00e9ativit\u00e9 sans limites l&#8217;ont amen\u00e9 \u00e0 cofonder l&#8217;\u00c9cole nationale de cirque et \u00e0 contribuer \u00e0 plus de 15 productions du Cirque du Soleil.  <\/p>\n\n<p>Dans les mots de Gymnastique Qu\u00e9bec, \u00ab Andr\u00e9 Simard laisse derri\u00e8re lui un h\u00e9ritage riche et inspirant. Son influence continuera de se faire sentir \u00e0 travers les g\u00e9n\u00e9rations d&#8217;artistes qu&#8217;il a form\u00e9es et les innovations qu&#8217;il a apport\u00e9es au monde de la gymnastique et du cirque. Nous nous souviendrons de lui comme d&#8217;un visionnaire, d&#8217;un cr\u00e9ateur et d&#8217;un ami. \u00bb <\/p>\n\n<p>Au nom de la communaut\u00e9 Gymnastique Canada, nous offrons nos plus sinc\u00e8res condol\u00e9ances \u00e0 sa famille, \u00e0 ses amis et \u00e0 tous ceux qui l&#8217;ont connu. <\/p>\n\n<p>Gymnastique Canada <\/p>\n","protected":false},"excerpt":{"rendered":"<p>C&#8217;est avec une profonde tristesse que Gymnastique Canada se joint \u00e0 Gymnastique Qu\u00e9bec pour rendre hommage \u00e0 Andr\u00e9 Simard. Athl\u00e8te passionn\u00e9 et accompli, Simard a \u00e9t\u00e9 trois fois champion canadien et a fi\u00e8rement repr\u00e9sent\u00e9 le Canada aux Jeux olympiques de Munich en 1972. Son amour pour la gymnastique et sa cr\u00e9ativit\u00e9 sans limites l&#8217;ont amen\u00e9 [&hellip;]<\/p>\n","protected":false},"author":6,"featured_media":5494,"comment_status":"closed","ping_status":"open","sticky":false,"template":"","format":"standard","meta":{"_monsterinsights_skip_tracking":false,"_monsterinsights_sitenote_active":false,"_monsterinsights_sitenote_note":"","_monsterinsights_sitenote_category":0,"footnotes":""},"categories":[2],"tags":[],"class_list":["post-5497","post","type-post","status-publish","format-standard","has-post-thumbnail","hentry","category-actualites"],"aioseo_notices":[],"meta_box":[],"_links":{"self":[{"href":"https:\/\/gymcan.org\/fr\/wp-json\/wp\/v2\/posts\/5497","targetHints":{"allow":["GET"]}}],"collection":[{"href":"https:\/\/gymcan.org\/fr\/wp-json\/wp\/v2\/posts"}],"about":[{"href":"https:\/\/gymcan.org\/fr\/wp-json\/wp\/v2\/types\/post"}],"author":[{"embeddable":true,"href":"https:\/\/gymcan.org\/fr\/wp-json\/wp\/v2\/users\/6"}],"replies":[{"embeddable":true,"href":"https:\/\/gymcan.org\/fr\/wp-json\/wp\/v2\/comments?post=5497"}],"version-history":[{"count":0,"href":"https:\/\/gymcan.org\/fr\/wp-json\/wp\/v2\/posts\/5497\/revisions"}],"wp:featuredmedia":[{"embeddable":true,"href":"https:\/\/gymcan.org\/fr\/wp-json\/wp\/v2\/media\/5494"}],"wp:attachment":[{"href":"https:\/\/gymcan.org\/fr\/wp-json\/wp\/v2\/media?parent=5497"}],"wp:term":[{"taxonomy":"category","embeddable":true,"href":"https:\/\/gymcan.org\/fr\/wp-json\/wp\/v2\/categories?post=5497"},{"taxonomy":"post_tag","embeddable":true,"href":"https:\/\/gymcan.org\/fr\/wp-json\/wp\/v2\/tags?post=5497"}],"curies":[{"name":"wp","href":"https:\/\/api.w.org\/{rel}","templated":true}]}}