{"id":5749,"date":"2025-06-05T11:30:57","date_gmt":"2025-06-05T15:30:57","guid":{"rendered":"https:\/\/gymnasticscan.wpenginepowered.com\/?p=5749"},"modified":"2025-08-20T14:41:58","modified_gmt":"2025-08-20T18:41:58","slug":"gymnastique-canada-annonce-les-equipes-officielles-qui-representeront-le-canada-en-juin","status":"publish","type":"post","link":"https:\/\/gymcan.org\/fr\/gymnastique-canada-annonce-les-equipes-officielles-qui-representeront-le-canada-en-juin\/","title":{"rendered":"Gymnastique Canada annonce les \u00e9quipes officielles qui repr\u00e9senteront le Canada en juin"},"content":{"rendered":"\n<p>OTTAWA, ON (5 juin 2025) &#8211; Gymnastique Canada est fi\u00e8re d&#8217;annoncer les <strong>athl\u00e8tes<\/strong> <strong>qui<\/strong> repr\u00e9senteront le Canada aux \u00e9v\u00e9nements internationaux des Championnats panam\u00e9ricains seniors et de la Coupe du monde ACRO de la FIG. <\/p>\n\n<p><\/p>\n\n<hr class=\"wp-block-separator has-alpha-channel-opacity\"\/>\n\n<p><strong>Championnats panam\u00e9ricains seniors 2025 &#8211; GAF et GAM <\/strong><\/p>\n\n<p>Les Championnats panam\u00e9ricains seniors de gymnastique artistique 2025 se d\u00e9rouleront au Figali Convention Centre \u00e0 Panama City, Panama, du <sup>12<\/sup> au <sup>15<\/sup> juin 2025. Il s&#8217;agit de la premi\u00e8re comp\u00e9tition internationale de la saison 2025 pour les athl\u00e8tes de l&#8217;\u00e9quipe GAM, tandis que l&#8217;\u00e9quipe GAF continue d&#8217;acqu\u00e9rir une exp\u00e9rience pr\u00e9cieuse sur la sc\u00e8ne internationale.  <\/p>\n\n<p><strong>Athl\u00e8tes GAF repr\u00e9sentant le Canada:<\/strong> <\/p>\n\n<ul class=\"wp-block-list\">\n<li>Lia Monica Fontaine <\/li>\n<\/ul>\n\n<ul class=\"wp-block-list\">\n<li>Gabrielle Black <\/li>\n<\/ul>\n\n<ul class=\"wp-block-list\">\n<li>Lia Redick <\/li>\n<\/ul>\n\n<ul class=\"wp-block-list\">\n<li>Alyssa Guerrier-Calixte <\/li>\n<\/ul>\n\n<ul class=\"wp-block-list\">\n<li>Evandra Zlobec <\/li>\n<\/ul>\n\n<p><\/p>\n\n<p><strong>Athl\u00e8tes GAM repr\u00e9sentant le Canada:<\/strong> <\/p>\n\n<ul class=\"wp-block-list\">\n<li>Rene Cournoyer <\/li>\n<\/ul>\n\n<ul class=\"wp-block-list\">\n<li>Ioannis Chronopoulos <\/li>\n<\/ul>\n\n<ul class=\"wp-block-list\">\n<li>Evgeny Siminiuc <\/li>\n<\/ul>\n\n<ul class=\"wp-block-list\">\n<li>Felix Dolci <\/li>\n<\/ul>\n\n<ul class=\"wp-block-list\">\n<li>Aidan Li<\/li>\n<\/ul>\n\n<p><\/p>\n\n<p><strong>GAF Entra\u00eeneurs:<\/strong> <\/p>\n\n<ul class=\"wp-block-list\">\n<li>Claude Pelletier <\/li>\n<\/ul>\n\n<ul class=\"wp-block-list\">\n<li>Lena Yermolchuk <\/li>\n<\/ul>\n\n<ul class=\"wp-block-list\">\n<li>Monica Nolet <\/li>\n<\/ul>\n\n<p><\/p>\n\n<p><strong>GAM Entra\u00eeneurs:<\/strong> <\/p>\n\n<ul class=\"wp-block-list\">\n<li>Adrian Balan <\/li>\n<\/ul>\n\n<ul class=\"wp-block-list\">\n<li>Jean-Sebastien Tougas <\/li>\n<\/ul>\n\n<p><\/p>\n\n<p><strong>Juges du GAF:<\/strong> <\/p>\n\n<ul class=\"wp-block-list\">\n<li>Brady Spencer <\/li>\n<\/ul>\n\n<ul class=\"wp-block-list\">\n<li>Ivy Lu <\/li>\n<\/ul>\n\n<ul class=\"wp-block-list\">\n<li>Cynthya Bringa <\/li>\n<\/ul>\n\n<p><\/p>\n\n<p><strong>Juges du GAM: <\/strong> <\/p>\n\n<ul class=\"wp-block-list\">\n<li>Jerome Boisteau <\/li>\n<\/ul>\n\n<ul class=\"wp-block-list\">\n<li>Bruno Martin <\/li>\n<\/ul>\n\n<ul class=\"wp-block-list\">\n<li>Mike Hood <\/li>\n<\/ul>\n\n<p><\/p>\n\n<p><strong>GAF Personnel\/IST:<\/strong> <\/p>\n\n<ul class=\"wp-block-list\">\n<li>Jenny Trew <\/li>\n<\/ul>\n\n<ul class=\"wp-block-list\">\n<li>Cyrille Brindamour <\/li>\n<\/ul>\n\n<p><\/p>\n\n<p><strong>GAM Personnel\/IST:<\/strong> <\/p>\n\n<ul class=\"wp-block-list\">\n<li>Rachel Gauthier <\/li>\n<\/ul>\n\n<ul class=\"wp-block-list\">\n<li>Greg Jackson <\/li>\n<\/ul>\n\n<p><\/p>\n\n<hr class=\"wp-block-separator has-alpha-channel-opacity\"\/>\n\n<p><strong>Coupe du monde FIG 2025 &#8211; ACRO <\/strong><\/p>\n\n<p>La Coupe du monde FIG d&#8217;acro aura lieu au Hala Sportowa Podpromie \u00e0 Rzeszow, en Pologne, du <sup>27<\/sup> au <sup>29 <\/sup>juin 2025. Il s&#8217;agit de la premi\u00e8re comp\u00e9tition internationale de la saison 2025 pour le duo masculin senior d&#8217;acro du Canada. Cet \u00e9v\u00e9nement repr\u00e9sente une occasion fantastique pour nos gymnastes acro de se mesurer \u00e0 certains des meilleurs talents mondiaux en gymnastique acrobatique.   <\/p>\n\n<p><strong>Duo masculine senior repr\u00e9sentant le Canada:<\/strong> <\/p>\n\n<ul class=\"wp-block-list\">\n<li>Theodore Chan <\/li>\n<\/ul>\n\n<ul class=\"wp-block-list\">\n<li>Emerson Wong <\/li>\n<\/ul>\n\n<p><\/p>\n\n<p><strong>Entra\u00eeneur:<\/strong> <\/p>\n\n<ul class=\"wp-block-list\">\n<li>Scott Middleton <\/li>\n<\/ul>\n\n<p><\/p>\n\n<p><strong>Juge:<\/strong> <\/p>\n\n<ul class=\"wp-block-list\">\n<li>Debbie D\u2019Souza <\/li>\n<\/ul>\n\n<p><\/p>\n\n<p>-30- <\/p>\n\n<p><strong>Pour plus d&#8217;informations, veuillez contacter:<\/strong> <br\/><strong>Emma Stanley\u202f<\/strong> <br\/><strong>Coordonnatrice, D\u00e9veloppement du sport et communications<\/strong> <br\/><strong>Gymnastics Canada\u202f<\/strong> <br\/><a href=\"mailto:estanley@gymcan.org\" target=\"_blank\" rel=\"noreferrer noopener\"><strong>estanley@gymcan.org<\/strong><\/a><strong><\/strong> <\/p>\n","protected":false},"excerpt":{"rendered":"<p>OTTAWA, ON (5 juin 2025) &#8211; Gymnastique Canada est fi\u00e8re d&#8217;annoncer les athl\u00e8tes qui repr\u00e9senteront le Canada aux \u00e9v\u00e9nements internationaux des Championnats panam\u00e9ricains seniors et de la Coupe du monde ACRO de la FIG. Championnats panam\u00e9ricains seniors 2025 &#8211; GAF et GAM Les Championnats panam\u00e9ricains seniors de gymnastique artistique 2025 se d\u00e9rouleront au Figali Convention [&hellip;]<\/p>\n","protected":false},"author":6,"featured_media":5678,"comment_status":"closed","ping_status":"open","sticky":false,"template":"","format":"standard","meta":{"_monsterinsights_skip_tracking":false,"_monsterinsights_sitenote_active":false,"_monsterinsights_sitenote_note":"","_monsterinsights_sitenote_category":0,"footnotes":""},"categories":[2,67],"tags":[],"class_list":["post-5749","post","type-post","status-publish","format-standard","has-post-thumbnail","hentry","category-actualites","category-evenements"],"aioseo_notices":[],"meta_box":[],"_links":{"self":[{"href":"https:\/\/gymcan.org\/fr\/wp-json\/wp\/v2\/posts\/5749","targetHints":{"allow":["GET"]}}],"collection":[{"href":"https:\/\/gymcan.org\/fr\/wp-json\/wp\/v2\/posts"}],"about":[{"href":"https:\/\/gymcan.org\/fr\/wp-json\/wp\/v2\/types\/post"}],"author":[{"embeddable":true,"href":"https:\/\/gymcan.org\/fr\/wp-json\/wp\/v2\/users\/6"}],"replies":[{"embeddable":true,"href":"https:\/\/gymcan.org\/fr\/wp-json\/wp\/v2\/comments?post=5749"}],"version-history":[{"count":0,"href":"https:\/\/gymcan.org\/fr\/wp-json\/wp\/v2\/posts\/5749\/revisions"}],"wp:featuredmedia":[{"embeddable":true,"href":"https:\/\/gymcan.org\/fr\/wp-json\/wp\/v2\/media\/5678"}],"wp:attachment":[{"href":"https:\/\/gymcan.org\/fr\/wp-json\/wp\/v2\/media?parent=5749"}],"wp:term":[{"taxonomy":"category","embeddable":true,"href":"https:\/\/gymcan.org\/fr\/wp-json\/wp\/v2\/categories?post=5749"},{"taxonomy":"post_tag","embeddable":true,"href":"https:\/\/gymcan.org\/fr\/wp-json\/wp\/v2\/tags?post=5749"}],"curies":[{"name":"wp","href":"https:\/\/api.w.org\/{rel}","templated":true}]}}