{"id":6140,"date":"2025-07-28T10:00:00","date_gmt":"2025-07-28T14:00:00","guid":{"rendered":"https:\/\/gymnasticscan.wpenginepowered.com\/?p=6140"},"modified":"2025-08-20T14:41:55","modified_gmt":"2025-08-20T18:41:55","slug":"equipe-canada-annonce-lequipe-pour-les-jeux-panamericains-juniors-2025-a-asuncion-au-paraguay","status":"publish","type":"post","link":"https:\/\/gymcan.org\/fr\/equipe-canada-annonce-lequipe-pour-les-jeux-panamericains-juniors-2025-a-asuncion-au-paraguay\/","title":{"rendered":"\u00c9quipe Canada annonce l\u2019\u00e9quipe pour les Jeux panam\u00e9ricains juniors 2025 \u00e0 Asunci\u00f3n, au Paraguay"},"content":{"rendered":"\n<p><strong>OTTAWA, ON,<\/strong> <strong>le 28 juillet 2025<\/strong> \u2013 Gymnastique Canada est fi\u00e8re d\u2019annoncer les athl\u00e8tes, entra\u00eeneurs et officiels qui repr\u00e9senteront le Canada en gymnastique artistique, en trampoline et gymnastique rythmique lors des Jeux panam\u00e9ricains juniors 2025, qui se d\u00e9rouleront du 9 au 23 ao\u00fbt \u00e0 Asunci\u00f3n, au Paraguay, au stade General Pablo Rojas.<\/p>\n\n<p>Les Jeux r\u00e9uniront les meilleurs athl\u00e8tes juniors des Am\u00e9riques, et la d\u00e9l\u00e9gation canadienne de gymnastique est pr\u00eate \u00e0 faire briller son talent sur la sc\u00e8ne internationale.<\/p>\n\n<p><a href=\"http:\/\/asu2025.org.py\/\">\ud83d\udd17 <strong>Site officiel de l\u2019\u00e9v\u00e9nement<\/strong><\/a><\/p>\n\n<p><strong>Trampoline<\/strong><\/p>\n\n<p>Dates de comp\u00e9tition : 11\u201312 ao\u00fbt<\/p>\n\n<p><strong>Athl\u00e8tes<\/strong><\/p>\n\n<ul class=\"wp-block-list\">\n<li>M\u00e9lina Corriveau (QC) \u2013 Individuel &amp; Synchro<\/li>\n\n\n\n<li>Rielle Bonne (ON) \u2013 Individuel &amp; Synchro<\/li>\n\n\n\n<li>Cody Cyman (AB) \u2013 Individuel &amp; Synchro<\/li>\n\n\n\n<li>\u00c9tienne Cloutier (QC) \u2013 Individuel &amp; Synchro<\/li>\n<\/ul>\n\n<p><\/p>\n\n<p><strong>Entra\u00eeneur(euse)s<\/strong><\/p>\n\n<ul class=\"wp-block-list\">\n<li>Antoine Valli\u00e8res (QC)<\/li>\n\n\n\n<li>St\u00e9phan David (ON)<\/li>\n<\/ul>\n\n<p><\/p>\n\n<p><strong>Juges<\/strong><\/p>\n\n<ul class=\"wp-block-list\">\n<li>St\u00e9phan Duchesne <\/li>\n<\/ul>\n\n<p><\/p>\n\n<p><strong>Gymnastique artistique masculine<\/strong><\/p>\n\n<p>Dates de comp\u00e9tition : 19\u201322 ao\u00fbt<\/p>\n\n<p><strong>Athl\u00e8tes<\/strong><\/p>\n\n<ul class=\"wp-block-list\">\n<li>Aiden Gonzalez (C.-B.)<\/li>\n\n\n\n<li>Thomas Tittley (QC)<\/li>\n\n\n\n<li>Keita Kuramoto (C.-B.)<\/li>\n\n\n\n<li>Parker Smith (C.-B.)<\/li>\n<\/ul>\n\n<p><\/p>\n\n<p><strong>Entra\u00eeneur(euse)s<\/strong><\/p>\n\n<ul class=\"wp-block-list\">\n<li>Entra\u00eeneur d\u2019\u00e9quipe : Kris Krunick (C.-B.)<\/li>\n\n\n\n<li>Entra\u00eeneur personnel : Brice Bernard (QC) <\/li>\n<\/ul>\n\n<p><\/p>\n\n<p><strong>Juges<\/strong><\/p>\n\n<ul class=\"wp-block-list\">\n<li>Chris Grabowecky<\/li>\n\n\n\n<li>Simon Bordeleau<\/li>\n\n\n\n<li>Conrad Chow<\/li>\n\n\n\n<li>Campbell Bryden <\/li>\n<\/ul>\n\n<p><\/p>\n\n<p><strong>Gymnastique artistique f\u00e9minine<\/strong><\/p>\n\n<p>Dates de comp\u00e9tition : 19\u201322 ao\u00fbt<\/p>\n\n<p><strong>Athl\u00e8tes<\/strong><\/p>\n\n<ul class=\"wp-block-list\">\n<li>Coralie Demers (QC)<\/li>\n\n\n\n<li>Maryam Saber (QC)<\/li>\n\n\n\n<li>Samantha Couture (ON)<\/li>\n\n\n\n<li>Stella Letendre (QC)<\/li>\n<\/ul>\n\n<p><\/p>\n\n<p><strong>Entra\u00eeneur(euse)s<\/strong><\/p>\n\n<ul class=\"wp-block-list\">\n<li>Julie Charron (QC)<\/li>\n\n\n\n<li>Quentin Midrouillet (QC)<\/li>\n\n\n\n<li>Anic Bellerose-Daneault (QC)<\/li>\n<\/ul>\n\n<p><\/p>\n\n<p><strong>Juges<\/strong><em><\/em><\/p>\n\n<ul class=\"wp-block-list\">\n<li>Catherine Lirette<\/li>\n\n\n\n<li>Crystal Gilhooly<\/li>\n<\/ul>\n\n<p><\/p>\n\n<p><strong>Gymnastique rythmique<\/strong><\/p>\n\n<p>La gymnastique rythmique sera repr\u00e9sent\u00e9e uniquement par la juge Svetlana Joukova, sans athl\u00e8tes en comp\u00e9tition.<\/p>\n\n<p>Gymnastique Canada f\u00e9licite tous les athl\u00e8tes, entra\u00eeneurs et officiels s\u00e9lectionn\u00e9s, et a h\u00e2te de suivre leurs performances au Paraguay. Suivez <strong>@gymcan1<\/strong> sur Instagram pour des mises \u00e0 jour, des r\u00e9sultats et des aper\u00e7us exclusifs tout au long des Jeux. <\/p>\n","protected":false},"excerpt":{"rendered":"<p>OTTAWA, ON, le 28 juillet 2025 \u2013 Gymnastique Canada est fi\u00e8re d\u2019annoncer les athl\u00e8tes, entra\u00eeneurs et officiels qui repr\u00e9senteront le Canada en gymnastique artistique, en trampoline et gymnastique rythmique lors des Jeux panam\u00e9ricains juniors 2025, qui se d\u00e9rouleront du 9 au 23 ao\u00fbt \u00e0 Asunci\u00f3n, au Paraguay, au stade General Pablo Rojas. Les Jeux r\u00e9uniront [&hellip;]<\/p>\n","protected":false},"author":7,"featured_media":6137,"comment_status":"closed","ping_status":"open","sticky":false,"template":"","format":"standard","meta":{"_monsterinsights_skip_tracking":false,"_monsterinsights_sitenote_active":false,"_monsterinsights_sitenote_note":"","_monsterinsights_sitenote_category":0,"footnotes":""},"categories":[2,67],"tags":[],"class_list":["post-6140","post","type-post","status-publish","format-standard","has-post-thumbnail","hentry","category-actualites","category-evenements"],"aioseo_notices":[],"meta_box":[],"_links":{"self":[{"href":"https:\/\/gymcan.org\/fr\/wp-json\/wp\/v2\/posts\/6140","targetHints":{"allow":["GET"]}}],"collection":[{"href":"https:\/\/gymcan.org\/fr\/wp-json\/wp\/v2\/posts"}],"about":[{"href":"https:\/\/gymcan.org\/fr\/wp-json\/wp\/v2\/types\/post"}],"author":[{"embeddable":true,"href":"https:\/\/gymcan.org\/fr\/wp-json\/wp\/v2\/users\/7"}],"replies":[{"embeddable":true,"href":"https:\/\/gymcan.org\/fr\/wp-json\/wp\/v2\/comments?post=6140"}],"version-history":[{"count":0,"href":"https:\/\/gymcan.org\/fr\/wp-json\/wp\/v2\/posts\/6140\/revisions"}],"wp:featuredmedia":[{"embeddable":true,"href":"https:\/\/gymcan.org\/fr\/wp-json\/wp\/v2\/media\/6137"}],"wp:attachment":[{"href":"https:\/\/gymcan.org\/fr\/wp-json\/wp\/v2\/media?parent=6140"}],"wp:term":[{"taxonomy":"category","embeddable":true,"href":"https:\/\/gymcan.org\/fr\/wp-json\/wp\/v2\/categories?post=6140"},{"taxonomy":"post_tag","embeddable":true,"href":"https:\/\/gymcan.org\/fr\/wp-json\/wp\/v2\/tags?post=6140"}],"curies":[{"name":"wp","href":"https:\/\/api.w.org\/{rel}","templated":true}]}}