{"id":6734,"date":"2025-09-24T07:27:10","date_gmt":"2025-09-24T11:27:10","guid":{"rendered":"https:\/\/gymcan.org\/?p=6734"},"modified":"2025-09-25T11:47:57","modified_gmt":"2025-09-25T15:47:57","slug":"equipe-canada-prete-a-participer-a-la-coupe-du-monde-fig-dantibes-en-france","status":"publish","type":"post","link":"https:\/\/gymcan.org\/fr\/equipe-canada-prete-a-participer-a-la-coupe-du-monde-fig-dantibes-en-france\/","title":{"rendered":"\u00c9quipe Canada pr\u00eate \u00e0 participer \u00e0 la Coupe du monde FIG d\u2019Antibes en France"},"content":{"rendered":"\n<p>Ottawa, ON (24 septembre 2025) \u2013 Gymnastique Canada est fi\u00e8re d\u2019annoncer les athl\u00e8tes qui repr\u00e9senteront le pays \u00e0 la Coupe du monde FIG d\u2019Antibes en trampoline et en tumbling, qui se tiendra du 3 au 5 octobre 2025 \u00e0 l\u2019Azur Arena Antibes, en France.<\/p>\n\n<p>Cette comp\u00e9tition internationale r\u00e9unira les meilleurs athl\u00e8tes du monde qui s\u2019affronteront pour des titres de Coupe du monde en tumbling, trampoline et trampoline synchronis\u00e9.<\/p>\n\n<p><strong>Composition de l\u2019\u00e9quipe canadienne<\/strong><\/p>\n\n<p><strong>Trampoline s\u00e9nior \u2013 Femmes<\/strong><\/p>\n\n<ul class=\"wp-block-list\">\n<li>Sophiane M\u00e9thot (QC)<\/li>\n\n\n\n<li>Sarah Milette (QC)<\/li>\n\n\n\n<li>Kasha Noga-Bard (ON)<\/li>\n\n\n\n<li>Gabby Flynn (BC)<\/li>\n<\/ul>\n\n<p><\/p>\n\n<p><strong>Trampoline s\u00e9nior \u2013 Hommes<\/strong><\/p>\n\n<ul class=\"wp-block-list\">\n<li>Alexander Don (ON)<\/li>\n\n\n\n<li>\u00c9tienne Cloutier (QC)<\/li>\n\n\n\n<li>Alex Beaulieu (QC)<br\/><\/li>\n<\/ul>\n\n<p><strong>Tumbling s\u00e9nior \u2013 Femmes<\/strong><\/p>\n\n<ul class=\"wp-block-list\">\n<li>Oph\u00e9lie Berger (QC)<\/li>\n\n\n\n<li>Claire Jackson (AB)<\/li>\n\n\n\n<li>Sara Moore (AB)<\/li>\n<\/ul>\n\n<p><\/p>\n\n<p><strong>Tumbling s\u00e9nior \u2013 Hommes<\/strong><\/p>\n\n<ul class=\"wp-block-list\">\n<li>Victor Canuel (QC)<\/li>\n<\/ul>\n\n<p><\/p>\n\n<p><strong>Personnel de la d\u00e9l\u00e9gation<\/strong><\/p>\n\n<ul class=\"wp-block-list\">\n<li>Entra\u00eeneur.euses : Karina Kosko (TRA), Yann Prigent (TRA), Dave Ross (TRA), Antoine Valli\u00e8res (TUM), Trish Quinney (TUM)<\/li>\n\n\n\n<li>Juge: Cassandra Siwek (TRA), Janey Parks (TUM)<\/li>\n\n\n\n<li>\u00c9SI : Josiane Roberge<\/li>\n<\/ul>\n\n<p><\/p>\n\n<p><strong>Horaire de la comp\u00e9tition<\/strong><\/p>\n\n<ul class=\"wp-block-list\">\n<li><strong>Qualifications<\/strong>: 3\u20134 octobre 2025<\/li>\n\n\n\n<li><strong>Finales<\/strong>: 5 octobre 2025<\/li>\n<\/ul>\n\n<p><\/p>\n\n<p>Gymnastique Canada f\u00e9licite tous les athl\u00e8tes et a h\u00e2te de les encourager alors qu\u2019ils repr\u00e9senteront la feuille d\u2019\u00e9rable sur la sc\u00e8ne internationale.<\/p>\n\n<p>Pour plus d\u2019informations, veuillez visiter &#8211; <a href=\"https:\/\/www.gymnastics.sport\/site\/events\/detail.php?id=17872&amp;type=sport#loaded\">FIG \u2013 Antibes World Cup<\/a><\/p>\n","protected":false},"excerpt":{"rendered":"<p>Ottawa, ON (24 septembre 2025) \u2013 Gymnastique Canada est fi\u00e8re d\u2019annoncer les athl\u00e8tes qui repr\u00e9senteront le pays \u00e0 la Coupe du monde FIG d\u2019Antibes en trampoline et en tumbling, qui se tiendra du 3 au 5 octobre 2025 \u00e0 l\u2019Azur Arena Antibes, en France. Cette comp\u00e9tition internationale r\u00e9unira les meilleurs athl\u00e8tes du monde qui s\u2019affronteront [&hellip;]<\/p>\n","protected":false},"author":7,"featured_media":6733,"comment_status":"closed","ping_status":"closed","sticky":false,"template":"","format":"standard","meta":{"_monsterinsights_skip_tracking":false,"_monsterinsights_sitenote_active":false,"_monsterinsights_sitenote_note":"","_monsterinsights_sitenote_category":0,"footnotes":""},"categories":[2,67],"tags":[],"class_list":["post-6734","post","type-post","status-publish","format-standard","has-post-thumbnail","hentry","category-actualites","category-evenements"],"aioseo_notices":[],"meta_box":[],"_links":{"self":[{"href":"https:\/\/gymcan.org\/fr\/wp-json\/wp\/v2\/posts\/6734","targetHints":{"allow":["GET"]}}],"collection":[{"href":"https:\/\/gymcan.org\/fr\/wp-json\/wp\/v2\/posts"}],"about":[{"href":"https:\/\/gymcan.org\/fr\/wp-json\/wp\/v2\/types\/post"}],"author":[{"embeddable":true,"href":"https:\/\/gymcan.org\/fr\/wp-json\/wp\/v2\/users\/7"}],"replies":[{"embeddable":true,"href":"https:\/\/gymcan.org\/fr\/wp-json\/wp\/v2\/comments?post=6734"}],"version-history":[{"count":0,"href":"https:\/\/gymcan.org\/fr\/wp-json\/wp\/v2\/posts\/6734\/revisions"}],"wp:featuredmedia":[{"embeddable":true,"href":"https:\/\/gymcan.org\/fr\/wp-json\/wp\/v2\/media\/6733"}],"wp:attachment":[{"href":"https:\/\/gymcan.org\/fr\/wp-json\/wp\/v2\/media?parent=6734"}],"wp:term":[{"taxonomy":"category","embeddable":true,"href":"https:\/\/gymcan.org\/fr\/wp-json\/wp\/v2\/categories?post=6734"},{"taxonomy":"post_tag","embeddable":true,"href":"https:\/\/gymcan.org\/fr\/wp-json\/wp\/v2\/tags?post=6734"}],"curies":[{"name":"wp","href":"https:\/\/api.w.org\/{rel}","templated":true}]}}