{"id":7238,"date":"2026-03-23T15:26:27","date_gmt":"2026-03-23T19:26:27","guid":{"rendered":"https:\/\/gymcan.org\/equipe-canada-remporte-neuf-medailles-a-stuttgart\/"},"modified":"2026-03-25T10:43:15","modified_gmt":"2026-03-25T14:43:15","slug":"equipe-canada-remporte-neuf-medailles-a-stuttgart","status":"publish","type":"post","link":"https:\/\/gymcan.org\/fr\/equipe-canada-remporte-neuf-medailles-a-stuttgart\/","title":{"rendered":"\u00c9quipe Canada remporte dix m\u00e9dailles \u00e0 Stuttgart"},"content":{"rendered":"\n<p>Ottawa, ON (23 mars 2026) &#8211; Les gymnastes canadiens ont connu une excellente comp\u00e9tition lors du DTB Pokal 2026, pr\u00e9sent\u00e9 \u00e0 la Porsche Arena de Stuttgart, en Allemagne, du 19 au 22 mars 2026, r\u00e9coltant plusieurs m\u00e9dailles chez les seniors et les juniors. <\/p>\n\n<p>\u00c9quipe Canada a particip\u00e9 aux Team Challenge senior et junior, se qualifiant pour plusieurs finales par engins ainsi que pour la comp\u00e9tition par \u00e9quipes mixtes. De multiples pays \u00e9taient repr\u00e9sent\u00e9es dans les cat\u00e9gories senior et junior, dont le Japon, le Canada, les \u00c9tats-Unis, l\u2019Allemagne et la France.  <\/p>\n\n<p><strong>Medalists<\/strong> <\/p>\n\n<p><strong>GAF senior<\/strong> <\/p>\n\n<ul class=\"wp-block-list\">\n<li>Or \u2013 \u00c9quipe (Gabby Black, Victoriane Charron, Alyssa Guerrier-Calixte, Charlotte Raymond, Lia Redick) <\/li>\n\n\n\n<li>Or \u2013 Lia Redick, concours g\u00e9n\u00e9ral<\/li>\n<\/ul>\n\n<ul class=\"wp-block-list\">\n<li>Or \u2013 Gabby Black, saut <\/li>\n<\/ul>\n\n<ul class=\"wp-block-list\">\n<li>Or \u2013 Alyssa Guerrier-Calixte, poutre <\/li>\n<\/ul>\n\n<ul class=\"wp-block-list\">\n<li>Bronze \u2013 Charlotte Raymond, barres asym\u00e9triques <\/li>\n<\/ul>\n\n<p><\/p>\n\n<p><strong>GAF junior<\/strong> <\/p>\n\n<ul class=\"wp-block-list\">\n<li>Argent \u2013 Nikita Th\u00e9odat, sol <\/li>\n<\/ul>\n\n<ul class=\"wp-block-list\">\n<li>Bronze \u2013 Nikita Th\u00e9odat, saut <\/li>\n<\/ul>\n\n<ul class=\"wp-block-list\">\n<li>Bronze \u2013 \u00c9quipe (Marion Desjardins, Mackenzie Grant, Taya Macey, Maryam Saber, Nikita Th\u00e9odat) <\/li>\n<\/ul>\n\n<p><\/p>\n\n<p><strong>GAM senior<\/strong> <\/p>\n\n<ul class=\"wp-block-list\">\n<li>Or \u2013 Jordan Carroll, cheval d\u2019ar\u00e7ons <\/li>\n<\/ul>\n\n<ul class=\"wp-block-list\">\n<li>Bronze \u2013 Chris Kaji, anneaux <\/li>\n<\/ul>\n\n<figure class=\"wp-block-gallery has-nested-images columns-default is-cropped wp-block-gallery-1 is-layout-flex wp-block-gallery-is-layout-flex\">\n<figure class=\"wp-block-image size-large\"><img loading=\"lazy\" decoding=\"async\" width=\"1024\" height=\"674\" data-id=\"7233\" src=\"https:\/\/gymcan.org\/wp-content\/uploads\/2026\/03\/IMG_0886-1024x674.jpg\" alt=\"\" class=\"wp-image-7233\" srcset=\"https:\/\/gymcan.org\/wp-content\/uploads\/2026\/03\/IMG_0886-1024x674.jpg 1024w, https:\/\/gymcan.org\/wp-content\/uploads\/2026\/03\/IMG_0886-300x197.jpg 300w, https:\/\/gymcan.org\/wp-content\/uploads\/2026\/03\/IMG_0886-768x505.jpg 768w, https:\/\/gymcan.org\/wp-content\/uploads\/2026\/03\/IMG_0886.jpg 1179w\" sizes=\"auto, (max-width: 1024px) 100vw, 1024px\" \/><figcaption class=\"wp-element-caption\">par Filippo Tomasi<\/figcaption><\/figure>\n\n\n\n<figure class=\"wp-block-image size-large\"><img loading=\"lazy\" decoding=\"async\" width=\"1024\" height=\"743\" data-id=\"7231\" src=\"https:\/\/gymcan.org\/wp-content\/uploads\/2026\/03\/IMG_0870-1024x743.jpg\" alt=\"\" class=\"wp-image-7231\" srcset=\"https:\/\/gymcan.org\/wp-content\/uploads\/2026\/03\/IMG_0870-1024x743.jpg 1024w, https:\/\/gymcan.org\/wp-content\/uploads\/2026\/03\/IMG_0870-300x218.jpg 300w, https:\/\/gymcan.org\/wp-content\/uploads\/2026\/03\/IMG_0870-768x557.jpg 768w, https:\/\/gymcan.org\/wp-content\/uploads\/2026\/03\/IMG_0870.jpg 1074w\" sizes=\"auto, (max-width: 1024px) 100vw, 1024px\" \/><figcaption class=\"wp-element-caption\">par Filippo Tomasi<\/figcaption><\/figure>\n<\/figure>\n\n<p>Dans l\u2019ensemble, ces r\u00e9sultats t\u00e9moignent de la solidit\u00e9 du programme canadien, tant chez les juniors que chez les seniors, avec des performances qui se traduisent par plusieurs pr\u00e9sences sur le podium. <\/p>\n","protected":false},"excerpt":{"rendered":"<p>Ottawa, ON (23 mars 2026) &#8211; Les gymnastes canadiens ont connu une excellente comp\u00e9tition lors du DTB Pokal 2026, pr\u00e9sent\u00e9 \u00e0 la Porsche Arena de Stuttgart, en Allemagne, du 19 au 22 mars 2026, r\u00e9coltant plusieurs m\u00e9dailles chez les seniors et les juniors. \u00c9quipe Canada a particip\u00e9 aux Team Challenge senior et junior, se qualifiant [&hellip;]<\/p>\n","protected":false},"author":11,"featured_media":7237,"comment_status":"closed","ping_status":"closed","sticky":false,"template":"","format":"standard","meta":{"_monsterinsights_skip_tracking":false,"_monsterinsights_sitenote_active":false,"_monsterinsights_sitenote_note":"","_monsterinsights_sitenote_category":0,"footnotes":""},"categories":[2,67],"tags":[],"class_list":["post-7238","post","type-post","status-publish","format-standard","has-post-thumbnail","hentry","category-actualites","category-evenements"],"aioseo_notices":[],"meta_box":[],"_links":{"self":[{"href":"https:\/\/gymcan.org\/fr\/wp-json\/wp\/v2\/posts\/7238","targetHints":{"allow":["GET"]}}],"collection":[{"href":"https:\/\/gymcan.org\/fr\/wp-json\/wp\/v2\/posts"}],"about":[{"href":"https:\/\/gymcan.org\/fr\/wp-json\/wp\/v2\/types\/post"}],"author":[{"embeddable":true,"href":"https:\/\/gymcan.org\/fr\/wp-json\/wp\/v2\/users\/11"}],"replies":[{"embeddable":true,"href":"https:\/\/gymcan.org\/fr\/wp-json\/wp\/v2\/comments?post=7238"}],"version-history":[{"count":0,"href":"https:\/\/gymcan.org\/fr\/wp-json\/wp\/v2\/posts\/7238\/revisions"}],"wp:featuredmedia":[{"embeddable":true,"href":"https:\/\/gymcan.org\/fr\/wp-json\/wp\/v2\/media\/7237"}],"wp:attachment":[{"href":"https:\/\/gymcan.org\/fr\/wp-json\/wp\/v2\/media?parent=7238"}],"wp:term":[{"taxonomy":"category","embeddable":true,"href":"https:\/\/gymcan.org\/fr\/wp-json\/wp\/v2\/categories?post=7238"},{"taxonomy":"post_tag","embeddable":true,"href":"https:\/\/gymcan.org\/fr\/wp-json\/wp\/v2\/tags?post=7238"}],"curies":[{"name":"wp","href":"https:\/\/api.w.org\/{rel}","templated":true}]}}