{"id":7752,"date":"2026-06-30T13:40:22","date_gmt":"2026-06-30T17:40:22","guid":{"rendered":"https:\/\/gymcan.org\/?p=7752"},"modified":"2026-07-04T16:19:30","modified_gmt":"2026-07-04T20:19:30","slug":"la-gymnaestrada-canadienne-2026-sinstalle-a-regina-pour-celebrer-la-gymnastique-pour-tous","status":"publish","type":"post","link":"https:\/\/gymcan.org\/fr\/la-gymnaestrada-canadienne-2026-sinstalle-a-regina-pour-celebrer-la-gymnastique-pour-tous\/","title":{"rendered":"La Gymnaestrada canadienne 2026 s&#8217;installe \u00e0 Regina pour c\u00e9l\u00e9brer la gymnastique pour tous"},"content":{"rendered":"\n<p class=\"wp-block-paragraph\">Ottawa, ON (30 juin 2026) \u2014 Plus de 600 participant\u00b7es provenant des quatre coins du Canada se r\u00e9uniront \u00e0 Regina, en Saskatchewan, du 30 juin au 4 juillet \u00e0 l&#8217;occasion de la Gymnaestrada canadienne 2026. Organis\u00e9e tous les quatre ans, la Gymnaestrada canadienne rassemble des participant\u00b7es de tous \u00e2ges et de tous niveaux afin de c\u00e9l\u00e9brer le mouvement, la cr\u00e9ativit\u00e9, l&#8217;inclusion et le plaisir de pratiquer la gymnastique.  <\/p>\n\n<p class=\"wp-block-paragraph\">Contrairement aux comp\u00e9titions traditionnelles, la Gymnaestrada est un \u00e9v\u00e9nement de type festival o\u00f9 les groupes pr\u00e9sentent leurs performances les uns aux autres, participent \u00e0 des ateliers \u00e9ducatifs, cr\u00e9ent de nouvelles amiti\u00e9s et partagent leurs id\u00e9es dans un environnement inspirant et collaboratif. Souvent d\u00e9critecomme le \u00ab Coachella de la gymnastique \u00bb, la Gymnaestrada transformera Regina en une v\u00e9ritable c\u00e9l\u00e9bration du mouvement gr\u00e2ce \u00e0 des performances pr\u00e9sent\u00e9es partout dans la ville, \u00e0 des activit\u00e9s communautaires et \u00e0 de nombreuses occasions de cr\u00e9er des liens, tant sur le praticable qu&#8217;\u00e0 l&#8217;ext\u00e9rieur. L&#8217;\u00e9dition 2026 accueillera plus de 600 participant\u00b7es \u00e2g\u00e9\u00b7es de 8 \u00e0 plus de 80 ans.   <\/p>\n\n<p class=\"wp-block-paragraph\">Les performances ext\u00e9rieures auront lieu au parc Wascana, tandis que les performances int\u00e9rieures se d\u00e9rouleront au Brandt Centre. <\/p>\n\n<p class=\"wp-block-paragraph\">En tant qu&#8217;\u00e9v\u00e9nement non comp\u00e9titif, la Gymnaestrada canadienne fait appel \u00e0 des \u00e9valuateurs plut\u00f4t qu&#8217;\u00e0 des juges, mettant l&#8217;accent sur la r\u00e9troaction constructive plut\u00f4t que sur les pointages. Cette ann\u00e9e, le panel d&#8217;\u00e9valuation \u00e9tait compos\u00e9 d&#8217;Yvonne Tousek-Renne, conseill\u00e8re au casting au Cirque du Soleil, ainsi que de Marco Bortoleto, expert internationalement reconnu en Gymnastique pour tous du Br\u00e9sil, qui ont offert leurs commentaires et leur expertise aux groupes participants.  <\/p>\n\n<p class=\"wp-block-paragraph\">La participation \u00e0 cet \u00e9v\u00e9nement est obligatoire pour les groupes qui souhaitent faire partie de la d\u00e9l\u00e9gation canadienne \u00e0 la Gymnaestrada mondiale 2027, qui se tiendra \u00e0 Lisbonne, au Portugal. Traditionnellement, environ 90 % des participant\u00b7es canadien\u00b7nes poursuivent l&#8217;aventure en repr\u00e9sentant le Canada lors de cefestival international.  <\/p>\n\n<p class=\"wp-block-paragraph\">Le festival canadien s&#8217;amorcera le 1er juillet avec la c\u00e9r\u00e9monie d&#8217;ouverture, des performances ext\u00e9rieures, un barbecue de bienvenue et les c\u00e9l\u00e9brations de la f\u00eate du Canada. Les participant\u00b7es prendront ensuite part \u00e0 des ateliers \u00e9ducatifs le 2 juillet avant de retourner sur le praticable pour deux journ\u00e9es de performances int\u00e9rieures, les 3 et 4 juillet. L&#8217;\u00e9v\u00e9nement se conclura par le spectacle de cl\u00f4ture, mettant en lumi\u00e8re la cr\u00e9ativit\u00e9, la collaboration et la passion qui caract\u00e9risent la Gymnaestrada canadienne.   <\/p>\n\n<p class=\"wp-block-paragraph\">Those unable to attend in person can watch the event live through the official livestream: <br\/>\ud83c\udfa5 <a href=\"https:\/\/activitymessenger-assets-ca.s3.ca-central-1.amazonaws.com\/documents\/f577d6d589023c6574d3e24a8e36fe14\/livestream_1.pdf\" target=\"_blank\" rel=\"noreferrer noopener\">https:\/\/activitymessenger-assets-ca.s3.ca-central-1.amazonaws.com\/documents\/f577d6d589023c6574d3e24a8e36fe14\/livestream_1.pdf<\/a> <\/p>\n\n<p class=\"wp-block-paragraph\">Des billets sont disponibles pour les spectateurs et spectatrices qui souhaitent assister aux performances \u00e0 Regina : <br\/>\ud83c\udf9f\ufe0f <a href=\"https:\/\/www.showpass.com\/2026-canadian-gymnaestrada\/\" target=\"_blank\" rel=\"noreferrer noopener\">https:\/\/www.showpass.com\/2026-canadian-gymnaestrada\/<\/a> <\/p>\n\n<p class=\"wp-block-paragraph\">Les produits officiels de la Gymnaestrada canadienne 2026 sont \u00e9galement offerts en ligne. Une boutique sera aussi accessible sur place pendant toute la dur\u00e9e de l&#8217;\u00e9v\u00e9nement : <br\/>\ud83d\udecd\ufe0f <a href=\"https:\/\/shop.gymcan.org\/page\/events\/gymnaestrada-2026\/\" target=\"_blank\" rel=\"noreferrer noopener\">https:\/\/shop.gymcan.org\/page\/events\/gymnaestrada-2026\/<\/a> <\/p>\n\n<p class=\"wp-block-paragraph\">Pour consulter l&#8217;horaire complet, les renseignements sur les sites, les ressources destin\u00e9es aux participant\u00b7es, la foire aux questions et tous les d\u00e9tails de l&#8217;\u00e9v\u00e9nement, visitez le microsite officiel de la Gymnaestrada canadienne : <br\/>\ud83d\udd17 <a href=\"https:\/\/activitymessenger.com\/org\/2366\/page\/K0TKNyx\/2026-canadian-gymnaestrada\" target=\"_blank\" rel=\"noreferrer noopener\">https:\/\/activitymessenger.com\/org\/2366\/page\/K0TKNyx\/2026-canadian-gymnaestrada <\/a> <\/p>\n","protected":false},"excerpt":{"rendered":"<p>Ottawa, ON (30 juin 2026) \u2014 Plus de 600 participant\u00b7es provenant des quatre coins du Canada se r\u00e9uniront \u00e0 Regina, en Saskatchewan, du 30 juin au 4 juillet \u00e0 l&#8217;occasion de la Gymnaestrada canadienne 2026. Organis\u00e9e tous les quatre ans, la Gymnaestrada canadienne rassemble des participant\u00b7es de tous \u00e2ges et de tous niveaux afin de [&hellip;]<\/p>\n","protected":false},"author":11,"featured_media":7750,"comment_status":"closed","ping_status":"closed","sticky":false,"template":"","format":"standard","meta":{"_monsterinsights_skip_tracking":false,"footnotes":""},"categories":[2,67],"tags":[],"class_list":["post-7752","post","type-post","status-publish","format-standard","has-post-thumbnail","hentry","category-actualites","category-evenements"],"aioseo_notices":[],"aioseo_head":"\n\t\t<!-- All in One SEO 5.0.1.1 - aioseo.com -->\n\t<meta name=\"description\" content=\"Ottawa, ON (30 juin 2026) \u2014 Plus de 600 participant\u00b7es provenant des quatre coins du Canada se r\u00e9uniront \u00e0 Regina, en Saskatchewan, du 30 juin au 4 juillet \u00e0 l&#039;occasion de la Gymnaestrada canadienne 2026. Organis\u00e9e tous les quatre ans, la Gymnaestrada canadienne rassemble des participant\u00b7es de tous \u00e2ges et de tous niveaux afin de\" \/>\n\t<meta name=\"robots\" content=\"max-image-preview:large\" \/>\n\t<meta name=\"author\" content=\"Sara-Maude Duch\u00eane\"\/>\n\t<link rel=\"canonical\" href=\"https:\/\/gymcan.org\/fr\/la-gymnaestrada-canadienne-2026-sinstalle-a-regina-pour-celebrer-la-gymnastique-pour-tous\/\" \/>\n\t<meta name=\"generator\" content=\"All in One SEO (AIOSEO) 5.0.1.1\" \/>\n\t\t<meta property=\"og:locale\" content=\"fr_FR\" \/>\n\t\t<meta property=\"og:site_name\" content=\"Gymnastics Canada | From Here, We Soar\" \/>\n\t\t<meta property=\"og:type\" content=\"article\" \/>\n\t\t<meta property=\"og:title\" content=\"La Gymnaestrada canadienne 2026 s\u2019installe \u00e0 Regina pour c\u00e9l\u00e9brer la gymnastique pour tous | Gymnastics Canada\" \/>\n\t\t<meta property=\"og:description\" content=\"Ottawa, ON (30 juin 2026) \u2014 Plus de 600 participant\u00b7es provenant des quatre coins du Canada se r\u00e9uniront \u00e0 Regina, en Saskatchewan, du 30 juin au 4 juillet \u00e0 l&#039;occasion de la Gymnaestrada canadienne 2026. Organis\u00e9e tous les quatre ans, la Gymnaestrada canadienne rassemble des participant\u00b7es de tous \u00e2ges et de tous niveaux afin de\" \/>\n\t\t<meta property=\"og:url\" content=\"https:\/\/gymcan.org\/fr\/la-gymnaestrada-canadienne-2026-sinstalle-a-regina-pour-celebrer-la-gymnastique-pour-tous\/\" \/>\n\t\t<meta property=\"og:image\" content=\"https:\/\/gymcan.org\/wp-content\/uploads\/2026\/06\/2022_Gymnaestrada_AM_524-scaled.jpg\" \/>\n\t\t<meta property=\"og:image:secure_url\" content=\"https:\/\/gymcan.org\/wp-content\/uploads\/2026\/06\/2022_Gymnaestrada_AM_524-scaled.jpg\" \/>\n\t\t<meta property=\"og:image:width\" content=\"2560\" \/>\n\t\t<meta property=\"og:image:height\" content=\"1709\" \/>\n\t\t<meta property=\"article:published_time\" content=\"2026-06-30T17:40:22+00:00\" \/>\n\t\t<meta property=\"article:modified_time\" content=\"2026-07-04T20:19:30+00:00\" \/>\n\t\t<meta property=\"article:publisher\" content=\"https:\/\/www.facebook.com\/gymcan1\/\" \/>\n\t\t<meta name=\"twitter:card\" content=\"summary_large_image\" \/>\n\t\t<meta name=\"twitter:title\" content=\"La Gymnaestrada canadienne 2026 s\u2019installe \u00e0 Regina pour c\u00e9l\u00e9brer la gymnastique pour tous | Gymnastics Canada\" \/>\n\t\t<meta name=\"twitter:description\" content=\"Ottawa, ON (30 juin 2026) \u2014 Plus de 600 participant\u00b7es provenant des quatre coins du Canada se r\u00e9uniront \u00e0 Regina, en Saskatchewan, du 30 juin au 4 juillet \u00e0 l&#039;occasion de la Gymnaestrada canadienne 2026. Organis\u00e9e tous les quatre ans, la Gymnaestrada canadienne rassemble des participant\u00b7es de tous \u00e2ges et de tous niveaux afin de\" \/>\n\t\t<meta name=\"twitter:image\" content=\"https:\/\/gymcan.org\/wp-content\/uploads\/2026\/06\/2022_Gymnaestrada_AM_524-scaled.jpg\" \/>\n\t\t<script type=\"application\/ld+json\" class=\"aioseo-schema\">\n\t\t\t{\"@context\":\"https:\\\/\\\/schema.org\",\"@graph\":[{\"@type\":\"BlogPosting\",\"@id\":\"https:\\\/\\\/gymcan.org\\\/fr\\\/la-gymnaestrada-canadienne-2026-sinstalle-a-regina-pour-celebrer-la-gymnastique-pour-tous\\\/#blogposting\",\"name\":\"La Gymnaestrada canadienne 2026 s\\u2019installe \\u00e0 Regina pour c\\u00e9l\\u00e9brer la gymnastique pour tous | Gymnastics Canada\",\"headline\":\"La Gymnaestrada canadienne 2026 s&#8217;installe \\u00e0 Regina pour c\\u00e9l\\u00e9brer la gymnastique pour tous\",\"author\":{\"@id\":\"https:\\\/\\\/gymcan.org\\\/fr\\\/author\\\/sduchenegymcan-org\\\/#author\"},\"publisher\":{\"@id\":\"https:\\\/\\\/gymcan.org\\\/fr\\\/#organization\"},\"image\":{\"@type\":\"ImageObject\",\"url\":\"https:\\\/\\\/gymcan.org\\\/wp-content\\\/uploads\\\/2026\\\/06\\\/2022_Gymnaestrada_AM_524-scaled.jpg\",\"width\":2560,\"height\":1709},\"datePublished\":\"2026-06-30T13:40:22-04:00\",\"dateModified\":\"2026-07-04T16:19:30-04:00\",\"inLanguage\":\"fr-FR\",\"mainEntityOfPage\":{\"@id\":\"https:\\\/\\\/gymcan.org\\\/fr\\\/la-gymnaestrada-canadienne-2026-sinstalle-a-regina-pour-celebrer-la-gymnastique-pour-tous\\\/#webpage\"},\"isPartOf\":{\"@id\":\"https:\\\/\\\/gymcan.org\\\/fr\\\/la-gymnaestrada-canadienne-2026-sinstalle-a-regina-pour-celebrer-la-gymnastique-pour-tous\\\/#webpage\"},\"articleSection\":\"Actualit\\u00e9s, \\u00c9v\\u00e9nements, Facultatif\"},{\"@type\":\"BreadcrumbList\",\"@id\":\"https:\\\/\\\/gymcan.org\\\/fr\\\/la-gymnaestrada-canadienne-2026-sinstalle-a-regina-pour-celebrer-la-gymnastique-pour-tous\\\/#breadcrumblist\",\"itemListElement\":[{\"@type\":\"ListItem\",\"@id\":\"https:\\\/\\\/gymcan.org\\\/fr\\\/#listItem\",\"position\":1,\"name\":\"Home\",\"item\":\"https:\\\/\\\/gymcan.org\\\/fr\\\/\",\"nextItem\":{\"@type\":\"ListItem\",\"@id\":\"https:\\\/\\\/gymcan.org\\\/fr\\\/category\\\/actualites\\\/#listItem\",\"name\":\"Actualit\\u00e9s\"}},{\"@type\":\"ListItem\",\"@id\":\"https:\\\/\\\/gymcan.org\\\/fr\\\/category\\\/actualites\\\/#listItem\",\"position\":2,\"name\":\"Actualit\\u00e9s\",\"item\":\"https:\\\/\\\/gymcan.org\\\/fr\\\/category\\\/actualites\\\/\",\"nextItem\":{\"@type\":\"ListItem\",\"@id\":\"https:\\\/\\\/gymcan.org\\\/fr\\\/la-gymnaestrada-canadienne-2026-sinstalle-a-regina-pour-celebrer-la-gymnastique-pour-tous\\\/#listItem\",\"name\":\"La Gymnaestrada canadienne 2026 s&#8217;installe \\u00e0 Regina pour c\\u00e9l\\u00e9brer la gymnastique pour tous\"},\"previousItem\":{\"@type\":\"ListItem\",\"@id\":\"https:\\\/\\\/gymcan.org\\\/fr\\\/#listItem\",\"name\":\"Home\"}},{\"@type\":\"ListItem\",\"@id\":\"https:\\\/\\\/gymcan.org\\\/fr\\\/la-gymnaestrada-canadienne-2026-sinstalle-a-regina-pour-celebrer-la-gymnastique-pour-tous\\\/#listItem\",\"position\":3,\"name\":\"La Gymnaestrada canadienne 2026 s&#8217;installe \\u00e0 Regina pour c\\u00e9l\\u00e9brer la gymnastique pour tous\",\"previousItem\":{\"@type\":\"ListItem\",\"@id\":\"https:\\\/\\\/gymcan.org\\\/fr\\\/category\\\/actualites\\\/#listItem\",\"name\":\"Actualit\\u00e9s\"}}]},{\"@type\":\"Organization\",\"@id\":\"https:\\\/\\\/gymcan.org\\\/fr\\\/#organization\",\"name\":\"Gymnastics Canada\",\"description\":\"From Here, We Soar\",\"url\":\"https:\\\/\\\/gymcan.org\\\/fr\\\/\",\"logo\":{\"@type\":\"ImageObject\",\"url\":\"https:\\\/\\\/gymcan.org\\\/wp-content\\\/uploads\\\/2024\\\/07\\\/Gym-Can-Logos_gym-can-red.png\",\"@id\":\"https:\\\/\\\/gymcan.org\\\/fr\\\/la-gymnaestrada-canadienne-2026-sinstalle-a-regina-pour-celebrer-la-gymnastique-pour-tous\\\/#organizationLogo\",\"width\":1042,\"height\":1042,\"caption\":\"Gymnastics Canada Logo Red\"},\"image\":{\"@id\":\"https:\\\/\\\/gymcan.org\\\/fr\\\/la-gymnaestrada-canadienne-2026-sinstalle-a-regina-pour-celebrer-la-gymnastique-pour-tous\\\/#organizationLogo\"},\"sameAs\":[\"https:\\\/\\\/www.facebook.com\\\/gymcan1\\\/\",\"https:\\\/\\\/www.instagram.com\\\/GymCan1\\\/\",\"https:\\\/\\\/www.linkedin.com\\\/company\\\/gymnastics-canada-gymnastique\\\/?originalSubdomain=ca\"]},{\"@type\":\"Person\",\"@id\":\"https:\\\/\\\/gymcan.org\\\/fr\\\/author\\\/sduchenegymcan-org\\\/#author\",\"url\":\"https:\\\/\\\/gymcan.org\\\/fr\\\/author\\\/sduchenegymcan-org\\\/\",\"name\":\"Sara-Maude Duch\\u00eane\",\"image\":{\"@type\":\"ImageObject\",\"@id\":\"https:\\\/\\\/gymcan.org\\\/fr\\\/la-gymnaestrada-canadienne-2026-sinstalle-a-regina-pour-celebrer-la-gymnastique-pour-tous\\\/#authorImage\",\"url\":\"https:\\\/\\\/secure.gravatar.com\\\/avatar\\\/7793fbbf2cb92c9fffdf6f8b96623e50cbe1791f8906ccb8b16182c6f3305b03?s=96&d=mm&r=g\",\"width\":96,\"height\":96,\"caption\":\"Sara-Maude Duch\\u00eane\"}},{\"@type\":\"WebPage\",\"@id\":\"https:\\\/\\\/gymcan.org\\\/fr\\\/la-gymnaestrada-canadienne-2026-sinstalle-a-regina-pour-celebrer-la-gymnastique-pour-tous\\\/#webpage\",\"url\":\"https:\\\/\\\/gymcan.org\\\/fr\\\/la-gymnaestrada-canadienne-2026-sinstalle-a-regina-pour-celebrer-la-gymnastique-pour-tous\\\/\",\"name\":\"La Gymnaestrada canadienne 2026 s\\u2019installe \\u00e0 Regina pour c\\u00e9l\\u00e9brer la gymnastique pour tous | Gymnastics Canada\",\"description\":\"Ottawa, ON (30 juin 2026) \\u2014 Plus de 600 participant\\u00b7es provenant des quatre coins du Canada se r\\u00e9uniront \\u00e0 Regina, en Saskatchewan, du 30 juin au 4 juillet \\u00e0 l'occasion de la Gymnaestrada canadienne 2026. Organis\\u00e9e tous les quatre ans, la Gymnaestrada canadienne rassemble des participant\\u00b7es de tous \\u00e2ges et de tous niveaux afin de\",\"inLanguage\":\"fr-FR\",\"isPartOf\":{\"@id\":\"https:\\\/\\\/gymcan.org\\\/fr\\\/#website\"},\"breadcrumb\":{\"@id\":\"https:\\\/\\\/gymcan.org\\\/fr\\\/la-gymnaestrada-canadienne-2026-sinstalle-a-regina-pour-celebrer-la-gymnastique-pour-tous\\\/#breadcrumblist\"},\"author\":{\"@id\":\"https:\\\/\\\/gymcan.org\\\/fr\\\/author\\\/sduchenegymcan-org\\\/#author\"},\"creator\":{\"@id\":\"https:\\\/\\\/gymcan.org\\\/fr\\\/author\\\/sduchenegymcan-org\\\/#author\"},\"image\":{\"@type\":\"ImageObject\",\"url\":\"https:\\\/\\\/gymcan.org\\\/wp-content\\\/uploads\\\/2026\\\/06\\\/2022_Gymnaestrada_AM_524-scaled.jpg\",\"@id\":\"https:\\\/\\\/gymcan.org\\\/fr\\\/la-gymnaestrada-canadienne-2026-sinstalle-a-regina-pour-celebrer-la-gymnastique-pour-tous\\\/#mainImage\",\"width\":2560,\"height\":1709},\"primaryImageOfPage\":{\"@id\":\"https:\\\/\\\/gymcan.org\\\/fr\\\/la-gymnaestrada-canadienne-2026-sinstalle-a-regina-pour-celebrer-la-gymnastique-pour-tous\\\/#mainImage\"},\"datePublished\":\"2026-06-30T13:40:22-04:00\",\"dateModified\":\"2026-07-04T16:19:30-04:00\"},{\"@type\":\"WebSite\",\"@id\":\"https:\\\/\\\/gymcan.org\\\/fr\\\/#website\",\"url\":\"https:\\\/\\\/gymcan.org\\\/fr\\\/\",\"name\":\"Gymnastics Canada\",\"description\":\"From Here, We Soar\",\"inLanguage\":\"fr-FR\",\"publisher\":{\"@id\":\"https:\\\/\\\/gymcan.org\\\/fr\\\/#organization\"}}]}\n\t\t<\/script>\n\t\t<!-- All in One SEO -->\n\n","aioseo_head_json":{"title":"La Gymnaestrada canadienne 2026 s\u2019installe \u00e0 Regina pour c\u00e9l\u00e9brer la gymnastique pour tous | Gymnastics Canada","description":"Ottawa, ON (30 juin 2026) \u2014 Plus de 600 participant\u00b7es provenant des quatre coins du Canada se r\u00e9uniront \u00e0 Regina, en Saskatchewan, du 30 juin au 4 juillet \u00e0 l'occasion de la Gymnaestrada canadienne 2026. Organis\u00e9e tous les quatre ans, la Gymnaestrada canadienne rassemble des participant\u00b7es de tous \u00e2ges et de tous niveaux afin de","canonical_url":"https:\/\/gymcan.org\/fr\/la-gymnaestrada-canadienne-2026-sinstalle-a-regina-pour-celebrer-la-gymnastique-pour-tous\/","robots":"max-image-preview:large","keywords":"","webmasterTools":{"miscellaneous":""},"schema":{"@context":"https:\/\/schema.org","@graph":[{"@type":"BlogPosting","@id":"https:\/\/gymcan.org\/fr\/la-gymnaestrada-canadienne-2026-sinstalle-a-regina-pour-celebrer-la-gymnastique-pour-tous\/#blogposting","name":"La Gymnaestrada canadienne 2026 s\u2019installe \u00e0 Regina pour c\u00e9l\u00e9brer la gymnastique pour tous | Gymnastics Canada","headline":"La Gymnaestrada canadienne 2026 s&#8217;installe \u00e0 Regina pour c\u00e9l\u00e9brer la gymnastique pour tous","author":{"@id":"https:\/\/gymcan.org\/fr\/author\/sduchenegymcan-org\/#author"},"publisher":{"@id":"https:\/\/gymcan.org\/fr\/#organization"},"image":{"@type":"ImageObject","url":"https:\/\/gymcan.org\/wp-content\/uploads\/2026\/06\/2022_Gymnaestrada_AM_524-scaled.jpg","width":2560,"height":1709},"datePublished":"2026-06-30T13:40:22-04:00","dateModified":"2026-07-04T16:19:30-04:00","inLanguage":"fr-FR","mainEntityOfPage":{"@id":"https:\/\/gymcan.org\/fr\/la-gymnaestrada-canadienne-2026-sinstalle-a-regina-pour-celebrer-la-gymnastique-pour-tous\/#webpage"},"isPartOf":{"@id":"https:\/\/gymcan.org\/fr\/la-gymnaestrada-canadienne-2026-sinstalle-a-regina-pour-celebrer-la-gymnastique-pour-tous\/#webpage"},"articleSection":"Actualit\u00e9s, \u00c9v\u00e9nements, Facultatif"},{"@type":"BreadcrumbList","@id":"https:\/\/gymcan.org\/fr\/la-gymnaestrada-canadienne-2026-sinstalle-a-regina-pour-celebrer-la-gymnastique-pour-tous\/#breadcrumblist","itemListElement":[{"@type":"ListItem","@id":"https:\/\/gymcan.org\/fr\/#listItem","position":1,"name":"Home","item":"https:\/\/gymcan.org\/fr\/","nextItem":{"@type":"ListItem","@id":"https:\/\/gymcan.org\/fr\/category\/actualites\/#listItem","name":"Actualit\u00e9s"}},{"@type":"ListItem","@id":"https:\/\/gymcan.org\/fr\/category\/actualites\/#listItem","position":2,"name":"Actualit\u00e9s","item":"https:\/\/gymcan.org\/fr\/category\/actualites\/","nextItem":{"@type":"ListItem","@id":"https:\/\/gymcan.org\/fr\/la-gymnaestrada-canadienne-2026-sinstalle-a-regina-pour-celebrer-la-gymnastique-pour-tous\/#listItem","name":"La Gymnaestrada canadienne 2026 s&#8217;installe \u00e0 Regina pour c\u00e9l\u00e9brer la gymnastique pour tous"},"previousItem":{"@type":"ListItem","@id":"https:\/\/gymcan.org\/fr\/#listItem","name":"Home"}},{"@type":"ListItem","@id":"https:\/\/gymcan.org\/fr\/la-gymnaestrada-canadienne-2026-sinstalle-a-regina-pour-celebrer-la-gymnastique-pour-tous\/#listItem","position":3,"name":"La Gymnaestrada canadienne 2026 s&#8217;installe \u00e0 Regina pour c\u00e9l\u00e9brer la gymnastique pour tous","previousItem":{"@type":"ListItem","@id":"https:\/\/gymcan.org\/fr\/category\/actualites\/#listItem","name":"Actualit\u00e9s"}}]},{"@type":"Organization","@id":"https:\/\/gymcan.org\/fr\/#organization","name":"Gymnastics Canada","description":"From Here, We Soar","url":"https:\/\/gymcan.org\/fr\/","logo":{"@type":"ImageObject","url":"https:\/\/gymcan.org\/wp-content\/uploads\/2024\/07\/Gym-Can-Logos_gym-can-red.png","@id":"https:\/\/gymcan.org\/fr\/la-gymnaestrada-canadienne-2026-sinstalle-a-regina-pour-celebrer-la-gymnastique-pour-tous\/#organizationLogo","width":1042,"height":1042,"caption":"Gymnastics Canada Logo Red"},"image":{"@id":"https:\/\/gymcan.org\/fr\/la-gymnaestrada-canadienne-2026-sinstalle-a-regina-pour-celebrer-la-gymnastique-pour-tous\/#organizationLogo"},"sameAs":["https:\/\/www.facebook.com\/gymcan1\/","https:\/\/www.instagram.com\/GymCan1\/","https:\/\/www.linkedin.com\/company\/gymnastics-canada-gymnastique\/?originalSubdomain=ca"]},{"@type":"Person","@id":"https:\/\/gymcan.org\/fr\/author\/sduchenegymcan-org\/#author","url":"https:\/\/gymcan.org\/fr\/author\/sduchenegymcan-org\/","name":"Sara-Maude Duch\u00eane","image":{"@type":"ImageObject","@id":"https:\/\/gymcan.org\/fr\/la-gymnaestrada-canadienne-2026-sinstalle-a-regina-pour-celebrer-la-gymnastique-pour-tous\/#authorImage","url":"https:\/\/secure.gravatar.com\/avatar\/7793fbbf2cb92c9fffdf6f8b96623e50cbe1791f8906ccb8b16182c6f3305b03?s=96&d=mm&r=g","width":96,"height":96,"caption":"Sara-Maude Duch\u00eane"}},{"@type":"WebPage","@id":"https:\/\/gymcan.org\/fr\/la-gymnaestrada-canadienne-2026-sinstalle-a-regina-pour-celebrer-la-gymnastique-pour-tous\/#webpage","url":"https:\/\/gymcan.org\/fr\/la-gymnaestrada-canadienne-2026-sinstalle-a-regina-pour-celebrer-la-gymnastique-pour-tous\/","name":"La Gymnaestrada canadienne 2026 s\u2019installe \u00e0 Regina pour c\u00e9l\u00e9brer la gymnastique pour tous | Gymnastics Canada","description":"Ottawa, ON (30 juin 2026) \u2014 Plus de 600 participant\u00b7es provenant des quatre coins du Canada se r\u00e9uniront \u00e0 Regina, en Saskatchewan, du 30 juin au 4 juillet \u00e0 l'occasion de la Gymnaestrada canadienne 2026. Organis\u00e9e tous les quatre ans, la Gymnaestrada canadienne rassemble des participant\u00b7es de tous \u00e2ges et de tous niveaux afin de","inLanguage":"fr-FR","isPartOf":{"@id":"https:\/\/gymcan.org\/fr\/#website"},"breadcrumb":{"@id":"https:\/\/gymcan.org\/fr\/la-gymnaestrada-canadienne-2026-sinstalle-a-regina-pour-celebrer-la-gymnastique-pour-tous\/#breadcrumblist"},"author":{"@id":"https:\/\/gymcan.org\/fr\/author\/sduchenegymcan-org\/#author"},"creator":{"@id":"https:\/\/gymcan.org\/fr\/author\/sduchenegymcan-org\/#author"},"image":{"@type":"ImageObject","url":"https:\/\/gymcan.org\/wp-content\/uploads\/2026\/06\/2022_Gymnaestrada_AM_524-scaled.jpg","@id":"https:\/\/gymcan.org\/fr\/la-gymnaestrada-canadienne-2026-sinstalle-a-regina-pour-celebrer-la-gymnastique-pour-tous\/#mainImage","width":2560,"height":1709},"primaryImageOfPage":{"@id":"https:\/\/gymcan.org\/fr\/la-gymnaestrada-canadienne-2026-sinstalle-a-regina-pour-celebrer-la-gymnastique-pour-tous\/#mainImage"},"datePublished":"2026-06-30T13:40:22-04:00","dateModified":"2026-07-04T16:19:30-04:00"},{"@type":"WebSite","@id":"https:\/\/gymcan.org\/fr\/#website","url":"https:\/\/gymcan.org\/fr\/","name":"Gymnastics Canada","description":"From Here, We Soar","inLanguage":"fr-FR","publisher":{"@id":"https:\/\/gymcan.org\/fr\/#organization"}}]},"og:locale":"fr_FR","og:site_name":"Gymnastics Canada | From Here, We Soar","og:type":"article","og:title":"La Gymnaestrada canadienne 2026 s\u2019installe \u00e0 Regina pour c\u00e9l\u00e9brer la gymnastique pour tous | Gymnastics Canada","og:description":"Ottawa, ON (30 juin 2026) \u2014 Plus de 600 participant\u00b7es provenant des quatre coins du Canada se r\u00e9uniront \u00e0 Regina, en Saskatchewan, du 30 juin au 4 juillet \u00e0 l'occasion de la Gymnaestrada canadienne 2026. Organis\u00e9e tous les quatre ans, la Gymnaestrada canadienne rassemble des participant\u00b7es de tous \u00e2ges et de tous niveaux afin de","og:url":"https:\/\/gymcan.org\/fr\/la-gymnaestrada-canadienne-2026-sinstalle-a-regina-pour-celebrer-la-gymnastique-pour-tous\/","og:image":"https:\/\/gymcan.org\/wp-content\/uploads\/2026\/06\/2022_Gymnaestrada_AM_524-scaled.jpg","og:image:secure_url":"https:\/\/gymcan.org\/wp-content\/uploads\/2026\/06\/2022_Gymnaestrada_AM_524-scaled.jpg","og:image:width":2560,"og:image:height":1709,"article:published_time":"2026-06-30T17:40:22+00:00","article:modified_time":"2026-07-04T20:19:30+00:00","article:publisher":"https:\/\/www.facebook.com\/gymcan1\/","twitter:card":"summary_large_image","twitter:title":"La Gymnaestrada canadienne 2026 s\u2019installe \u00e0 Regina pour c\u00e9l\u00e9brer la gymnastique pour tous | Gymnastics Canada","twitter:description":"Ottawa, ON (30 juin 2026) \u2014 Plus de 600 participant\u00b7es provenant des quatre coins du Canada se r\u00e9uniront \u00e0 Regina, en Saskatchewan, du 30 juin au 4 juillet \u00e0 l'occasion de la Gymnaestrada canadienne 2026. Organis\u00e9e tous les quatre ans, la Gymnaestrada canadienne rassemble des participant\u00b7es de tous \u00e2ges et de tous niveaux afin de","twitter:image":"https:\/\/gymcan.org\/wp-content\/uploads\/2026\/06\/2022_Gymnaestrada_AM_524-scaled.jpg"},"aioseo_meta_data":{"post_id":"7752","title":null,"description":null,"keywords":null,"keyphrases":{"focus":{"keyphrase":"","score":0,"analysis":{"keyphraseInTitle":{"score":0,"maxScore":9,"error":1}}},"additional":[]},"primary_term":null,"canonical_url":null,"og_title":null,"og_description":null,"og_object_type":"default","og_image_type":"default","og_image_url":null,"og_image_width":null,"og_image_height":null,"og_image_custom_url":null,"og_image_custom_fields":null,"og_video":"","og_custom_url":null,"og_article_section":null,"og_article_tags":null,"twitter_use_og":false,"twitter_card":"default","twitter_image_type":"default","twitter_image_url":null,"twitter_image_custom_url":null,"twitter_image_custom_fields":null,"twitter_title":null,"twitter_description":null,"schema":{"blockGraphs":[],"customGraphs":[],"default":{"data":{"Article":[],"Course":[],"Dataset":[],"FAQPage":[],"Movie":[],"Person":[],"Product":[],"ProductReview":[],"Car":[],"Recipe":[],"Service":[],"SoftwareApplication":[],"WebPage":[]},"graphName":"BlogPosting","isEnabled":true},"graphs":[]},"schema_type":"default","schema_type_options":null,"pillar_content":false,"robots_default":true,"robots_noindex":false,"robots_noarchive":false,"robots_nosnippet":false,"robots_nofollow":false,"robots_noimageindex":false,"robots_noodp":false,"robots_notranslate":false,"robots_max_snippet":"-1","robots_max_videopreview":"-1","robots_max_imagepreview":"large","priority":null,"frequency":"default","local_seo":null,"breadcrumb_settings":null,"limit_modified_date":false,"ai":{"faqs":[],"keyPoints":[],"schemas":[],"titles":[],"descriptions":[],"socialPosts":{"email":[],"linkedin":[],"twitter":[],"facebook":[],"instagram":[]}},"created":"2026-06-30 12:17:01","updated":"2026-07-04 20:20:12","seo_analyzer_scan_date":null,"focus_keyword":null,"additional_keywords":null,"truseo_locale":null},"aioseo_breadcrumb":"<div class=\"aioseo-breadcrumbs\"><span class=\"aioseo-breadcrumb\">\n\t\t\t<a href=\"https:\/\/gymcan.org\/fr\/\" title=\"Home\">Home<\/a>\n\t\t<\/span><span class=\"aioseo-breadcrumb-separator\">&raquo;<\/span><span class=\"aioseo-breadcrumb\">\n\t\t\t<a href=\"https:\/\/gymcan.org\/fr\/category\/actualites\/\" title=\"Actualit\u00e9s\">Actualit\u00e9s<\/a>\n\t\t<\/span><span class=\"aioseo-breadcrumb-separator\">&raquo;<\/span><span class=\"aioseo-breadcrumb\">\n\t\t\tLa Gymnaestrada canadienne 2026 s\u2019installe \u00e0 Regina pour c\u00e9l\u00e9brer la gymnastique pour tous\n\t\t<\/span><\/div>","aioseo_breadcrumb_json":[{"label":"Home","link":"https:\/\/gymcan.org\/fr\/"},{"label":"Actualit\u00e9s","link":"https:\/\/gymcan.org\/fr\/category\/actualites\/"},{"label":"La Gymnaestrada canadienne 2026 s&#8217;installe \u00e0 Regina pour c\u00e9l\u00e9brer la gymnastique pour tous","link":"https:\/\/gymcan.org\/fr\/la-gymnaestrada-canadienne-2026-sinstalle-a-regina-pour-celebrer-la-gymnastique-pour-tous\/"}],"meta_box":[],"_links":{"self":[{"href":"https:\/\/gymcan.org\/fr\/wp-json\/wp\/v2\/posts\/7752","targetHints":{"allow":["GET"]}}],"collection":[{"href":"https:\/\/gymcan.org\/fr\/wp-json\/wp\/v2\/posts"}],"about":[{"href":"https:\/\/gymcan.org\/fr\/wp-json\/wp\/v2\/types\/post"}],"author":[{"embeddable":true,"href":"https:\/\/gymcan.org\/fr\/wp-json\/wp\/v2\/users\/11"}],"replies":[{"embeddable":true,"href":"https:\/\/gymcan.org\/fr\/wp-json\/wp\/v2\/comments?post=7752"}],"version-history":[{"count":0,"href":"https:\/\/gymcan.org\/fr\/wp-json\/wp\/v2\/posts\/7752\/revisions"}],"wp:featuredmedia":[{"embeddable":true,"href":"https:\/\/gymcan.org\/fr\/wp-json\/wp\/v2\/media\/7750"}],"wp:attachment":[{"href":"https:\/\/gymcan.org\/fr\/wp-json\/wp\/v2\/media?parent=7752"}],"wp:term":[{"taxonomy":"category","embeddable":true,"href":"https:\/\/gymcan.org\/fr\/wp-json\/wp\/v2\/categories?post=7752"},{"taxonomy":"post_tag","embeddable":true,"href":"https:\/\/gymcan.org\/fr\/wp-json\/wp\/v2\/tags?post=7752"}],"curies":[{"name":"wp","href":"https:\/\/api.w.org\/{rel}","templated":true}]}}